{"id":198,"date":"2024-01-12T17:06:02","date_gmt":"2024-01-12T16:06:02","guid":{"rendered":"http:\/\/lukawci.cluster031.hosting.ovh.net\/?p=198"},"modified":"2024-01-12T17:06:02","modified_gmt":"2024-01-12T16:06:02","slug":"solo-globe-challenge","status":"publish","type":"post","link":"http:\/\/cdv69.fr\/index.php\/2024\/01\/12\/solo-globe-challenge\/","title":{"rendered":"Solo Globe Challenge"},"content":{"rendered":"<p>Deux lyonnais sont embarqu\u00e9s sur la Global Solo Challenge<\/p>\n<p>Louis Robein ( CYVGL) sur le souffle de la mer III , un\u00a0 X37 fr 2004 et Fran\u00e7ois Goin sur Kawan 3 Pogo 40s\u00a0 de 2008.<\/p>\n<p>Vous pouvez suivre comme nous leur tour du monde via le lien suivant<\/p>\n<p><a href=\"https:\/\/globalsolochallenge.com\/fr\/home-fr\/\">https:\/\/globalsolochallenge.com\/fr\/home-fr\/<\/a><\/p>\n<p>Fran\u00e7ois pointe actuellement \u00e0 la 6\u00e8me place<\/p>\n<p>Louis est actuellement en difficult\u00e9, il doit faire escale \u00e0 Hobart\u00a0 car il a perdu son hydrolienne, sa pompe de cale est d\u00e9faillante plus divers soucis techniques.<\/p>\n<p>Il a r\u00e9ussi \u00e0 prendre le d\u00e9part de la\u00a0 GSC en n\u2019ayant aucun sponsor, r\u00e9duisant au maximum ses investissements pour r\u00e9ussir \u00e0 participer \u00e0 cette course.<\/p>\n<p>La perte de son hydrolienne est un r\u00e9el coup dur l\u2019obligeant \u00e0 faire escale. Il n\u2019a pas les financements (5.000\u20ac) pour remplacer cette pi\u00e8ce essentielle.<\/p>\n<p>Soyons tous solidaires\u00a0 en participant \u00e0 une cagnotte ouverte pour lui permettre de continuer son aventure.<\/p>\n<p>Ci-joint le lien de la cagnotte sur laquelle vous pourrez abonder.<\/p>\n<p><a href=\"https:\/\/www.leetchi.com\/fr\/c\/tour-du-monde-en-solitaire-2649750?utm_source=native&amp;utm_medium=social_sharing\">https:\/\/www.leetchi.com\/fr\/c\/tour-du-monde-en-solitaire-2649750?utm_source=native&amp;utm_medium=social_sharing<\/a><\/p>\n<p>Vous pouvez aussi suivre sa course sur YB RACES .<\/p>\n<p>Ou le blog de Louis retra\u00e7ant\u00a0 son aventure<\/p>\n<p><a href=\"https:\/\/globalsolochallenge.com\/fr\/je-mange-froid\/\">https:\/\/globalsolochallenge.com\/fr\/je-mange-froid\/<\/a><\/p>\n<p>Merci d&rsquo;avance\u00a0 pour votre soutien<\/p>\n<p><img loading=\"lazy\" decoding=\"async\" class=\"alignnone size-medium wp-image-199\" src=\"http:\/\/lukawci.cluster031.hosting.ovh.net\/wp-content\/uploads\/2024\/01\/L-Robein-300x276.jpg\" alt=\"\" width=\"300\" height=\"276\" srcset=\"http:\/\/cdv69.fr\/wp-content\/uploads\/2024\/01\/L-Robein-300x276.jpg 300w, http:\/\/cdv69.fr\/wp-content\/uploads\/2024\/01\/L-Robein.jpg 452w\" sizes=\"auto, (max-width: 300px) 100vw, 300px\" \/> \u00a0\u00a0 <img loading=\"lazy\" decoding=\"async\" class=\"alignnone size-medium wp-image-200\" src=\"http:\/\/lukawci.cluster031.hosting.ovh.net\/wp-content\/uploads\/2024\/01\/F-Goin-300x262.jpg\" alt=\"\" width=\"300\" height=\"262\" srcset=\"http:\/\/cdv69.fr\/wp-content\/uploads\/2024\/01\/F-Goin-300x262.jpg 300w, http:\/\/cdv69.fr\/wp-content\/uploads\/2024\/01\/F-Goin.jpg 505w\" sizes=\"auto, (max-width: 300px) 100vw, 300px\" \/><\/p>\n<p>&nbsp;<\/p>\n<p>&nbsp;<\/p>\n<p>&nbsp;<\/p>\n<p>&nbsp;<\/p>\n","protected":false},"excerpt":{"rendered":"<p>Deux lyonnais sont embarqu\u00e9s sur la Global Solo Challenge Louis Robein ( CYVGL) sur le souffle de la mer III , un\u00a0 X37 fr 2004 et Fran\u00e7ois Goin sur Kawan 3 Pogo 40s\u00a0 de 2008. Vous pouvez suivre comme nous leur tour du monde via le lien suivant https:\/\/globalsolochallenge.com\/fr\/home-fr\/ Fran\u00e7ois pointe actuellement \u00e0 la 6\u00e8me &hellip; <\/p>\n<p class=\"link-more\"><a href=\"http:\/\/cdv69.fr\/index.php\/2024\/01\/12\/solo-globe-challenge\/\" class=\"more-link\">Lire la suite de<span class=\"screen-reader-text\">\u00ab\u00a0Solo Globe Challenge\u00a0\u00bb<\/span><\/a><\/p>\n","protected":false},"author":1,"featured_media":0,"comment_status":"open","ping_status":"open","sticky":false,"template":"","format":"standard","meta":{"footnotes":""},"categories":[1],"tags":[23,9,22,20,21,13,16,24],"class_list":["post-198","post","type-post","status-publish","format-standard","hentry","category-resultats","tag-cyvgl","tag-evenements","tag-francois-goin","tag-global-solo-challenge","tag-louis-robein","tag-regate","tag-solitaire","tag-soutien-aide"],"_links":{"self":[{"href":"http:\/\/cdv69.fr\/index.php\/wp-json\/wp\/v2\/posts\/198","targetHints":{"allow":["GET"]}}],"collection":[{"href":"http:\/\/cdv69.fr\/index.php\/wp-json\/wp\/v2\/posts"}],"about":[{"href":"http:\/\/cdv69.fr\/index.php\/wp-json\/wp\/v2\/types\/post"}],"author":[{"embeddable":true,"href":"http:\/\/cdv69.fr\/index.php\/wp-json\/wp\/v2\/users\/1"}],"replies":[{"embeddable":true,"href":"http:\/\/cdv69.fr\/index.php\/wp-json\/wp\/v2\/comments?post=198"}],"version-history":[{"count":1,"href":"http:\/\/cdv69.fr\/index.php\/wp-json\/wp\/v2\/posts\/198\/revisions"}],"predecessor-version":[{"id":201,"href":"http:\/\/cdv69.fr\/index.php\/wp-json\/wp\/v2\/posts\/198\/revisions\/201"}],"wp:attachment":[{"href":"http:\/\/cdv69.fr\/index.php\/wp-json\/wp\/v2\/media?parent=198"}],"wp:term":[{"taxonomy":"category","embeddable":true,"href":"http:\/\/cdv69.fr\/index.php\/wp-json\/wp\/v2\/categories?post=198"},{"taxonomy":"post_tag","embeddable":true,"href":"http:\/\/cdv69.fr\/index.php\/wp-json\/wp\/v2\/tags?post=198"}],"curies":[{"name":"wp","href":"https:\/\/api.w.org\/{rel}","templated":true}]}}